{"id":32746,"date":"2026-04-01T07:19:43","date_gmt":"2026-04-01T05:19:43","guid":{"rendered":"https:\/\/tapadum.com\/the-enchanting-persian-tar-es\/"},"modified":"2026-04-25T23:34:30","modified_gmt":"2026-04-25T21:34:30","slug":"tar-persa","status":"publish","type":"post","link":"https:\/\/tapadum.com\/es\/tar-persa\/","title":{"rendered":"Tar Persa"},"content":{"rendered":"\t\t<div data-elementor-type=\"wp-post\" data-elementor-id=\"32746\" class=\"elementor elementor-32746 elementor-31691\" data-elementor-post-type=\"post\">\n\t\t\t\t\t\t<section class=\"elementor-section elementor-top-section elementor-element elementor-element-6f209a85 elementor-section-boxed elementor-section-height-default elementor-section-height-default\" data-id=\"6f209a85\" data-element_type=\"section\" data-e-type=\"section\">\n\t\t\t\t\t\t\t<div class=\"elementor-background-overlay\"><\/div>\n\t\t\t\t\t\t\t<div class=\"elementor-container elementor-column-gap-default\">\n\t\t\t\t\t<div class=\"elementor-column elementor-col-100 elementor-top-column elementor-element elementor-element-39721b5f\" data-id=\"39721b5f\" data-element_type=\"column\" data-e-type=\"column\">\n\t\t\t<div class=\"elementor-widget-wrap elementor-element-populated\">\n\t\t\t\t\t\t<section class=\"elementor-section elementor-inner-section elementor-element elementor-element-3867dca7 elementor-section-boxed elementor-section-height-default elementor-section-height-default\" data-id=\"3867dca7\" data-element_type=\"section\" data-e-type=\"section\">\n\t\t\t\t\t\t<div class=\"elementor-container elementor-column-gap-default\">\n\t\t\t\t\t<div class=\"elementor-column elementor-col-100 elementor-inner-column elementor-element elementor-element-931f4c elementor-invisible\" data-id=\"931f4c\" data-element_type=\"column\" data-e-type=\"column\" data-settings=\"{&quot;animation&quot;:&quot;fadeIn&quot;}\">\n\t\t\t<div class=\"elementor-widget-wrap\">\n\t\t\t\t\t\t\t<\/div>\n\t\t<\/div>\n\t\t\t\t\t<\/div>\n\t\t<\/section>\n\t\t\t\t\t<\/div>\n\t\t<\/div>\n\t\t\t\t\t<\/div>\n\t\t<\/section>\n\t\t\t\t<section class=\"elementor-section elementor-top-section elementor-element elementor-element-78cd6e2f elementor-section-boxed elementor-section-height-default elementor-section-height-default\" data-id=\"78cd6e2f\" data-element_type=\"section\" data-e-type=\"section\">\n\t\t\t\t\t\t<div class=\"elementor-container elementor-column-gap-default\">\n\t\t\t\t\t<div class=\"elementor-column elementor-col-100 elementor-top-column elementor-element elementor-element-7db5ea00\" data-id=\"7db5ea00\" data-element_type=\"column\" data-e-type=\"column\">\n\t\t\t<div class=\"elementor-widget-wrap elementor-element-populated\">\n\t\t\t\t\t\t<div class=\"elementor-element elementor-element-1d8d70d9 elementor-widget elementor-widget-elementskit-heading\" data-id=\"1d8d70d9\" data-element_type=\"widget\" data-e-type=\"widget\" data-settings=\"{&quot;ekit_we_effect_on&quot;:&quot;none&quot;}\" data-widget_type=\"elementskit-heading.default\">\n\t\t\t\t\t<div class=\"ekit-wid-con\" ><div class=\"ekit-heading elementskit-section-title-wraper text_left   ekit_heading_tablet-   ekit_heading_mobile-\"><h2 class=\"ekit-heading--title elementskit-section-title \">Tar Persa<\/h2><h3 class=\"ekit-heading--subtitle elementskit-section-subtitle  \">\n\t\t\t\t\t\tUna inmersi\u00f3n profunda en uno de los instrumentos m\u00e1s ic\u00f3nicos de Ir\u00e1n - Tar Persa\n\t\t\t\t\t<\/h3>\t\t\t\t<div class='ekit-heading__description'>\n\t\t\t\t\t<p><!-- \/wp:heading --><!-- wp:paragraph --><\/p>\n<p>En <strong>Tapadum Ethnic Music Store<\/strong>, creemos que cada instrumento lleva una historia\u2014una moldeada por siglos de artesan\u00eda, cultura y sonido. Entre los m\u00e1s cautivadores de estos se encuentra el Tar Persa, un la\u00fad de cuello largo y refinado que est\u00e1 en el coraz\u00f3n de la m\u00fasica cl\u00e1sica iran\u00ed.<\/p>\n<p><!-- \/wp:paragraph --><!-- wp:paragraph --><\/p>\n<p>M\u00e1s que un simple instrumento, el Tar Persa representa una tradici\u00f3n viva. Su voz expresiva, construcci\u00f3n intrincada y profunda conexi\u00f3n con la filosof\u00eda musical persa lo convierten en uno de los instrumentos m\u00e1s fascinantes para m\u00fasicos, coleccionistas y entusiastas por igual.<\/p>\n<p><!-- \/wp:paragraph --><!-- wp:separator --><\/p>\n\n<p><!-- \/wp:separator --><!-- wp:heading --><\/p>\n<h2 class=\"wp-block-heading\">\u00bfQu\u00e9 es el Tar Persa?<\/h2>\n<p><!-- \/wp:heading --><!-- wp:paragraph --><\/p>\n<p>El Tar Persa es un la\u00fad de doble cuenco, cubierto de piel, originario de Ir\u00e1n. Conocido por su tono brillante pero c\u00e1lido, juega un papel central en la interpretaci\u00f3n del <strong>radif<\/strong>, el repertorio central de la m\u00fasica cl\u00e1sica persa.<\/p>\n<p><!-- \/wp:paragraph --><!-- wp:paragraph --><\/p>\n<p>Con sus <strong>doce cuerdas<\/strong>, trastes m\u00f3viles y t\u00e9cnica de interpretaci\u00f3n altamente matizada, el Tar permite a los m\u00fasicos explorar paisajes emocionales y tonales complejos\u2014que van desde frases profundamente melanc\u00f3licas hasta improvisaciones virtuosas.<\/p>\n<p><!-- \/wp:paragraph --><!-- wp:separator --><\/p>\n\n<p><!-- \/wp:separator --><!-- wp:heading --><\/p>\n<h2 class=\"wp-block-heading\">La Artesan\u00eda Detr\u00e1s del Tar Persa<\/h2>\n<p><!-- \/wp:heading --><!-- wp:paragraph --><\/p>\n<p>Una de las razones por las que el Tar Persa ocupa un lugar tan prestigioso en la m\u00fasica mundial es su construcci\u00f3n sofisticada. Cada elemento contribuye directamente a su identidad tonal \u00fanica.<\/p>\n<p><!-- \/wp:paragraph --><!-- wp:heading {\"level\":3} --><\/p>\n<h3 class=\"wp-block-heading\">Cuerpo de Doble Cuenco<\/h3>\n<p><!-- \/wp:heading --><!-- wp:paragraph --><\/p>\n<p>La caracter\u00edstica m\u00e1s reconocible del instrumento es su <strong>cuerpo de doble c\u00e1mara<\/strong>, tradicionalmente tallado en <strong>madera de morera<\/strong>. Estos dos cuencos conectados est\u00e1n cubiertos con una delgada <strong>membrana de piel animal<\/strong>, que act\u00faa como un amplificador natural.<\/p>\n<p><!-- \/wp:paragraph --><!-- wp:paragraph --><\/p>\n<p>Este dise\u00f1o crea un sonido que es tanto:<\/p>\n<p><!-- \/wp:paragraph --><!-- wp:list --><\/p>\n<ul class=\"wp-block-list\"><!-- wp:list-item --><\/p>\n<li>Claro y articulado<\/li>\n<p><!-- \/wp:list-item --><!-- wp:list-item --><\/p>\n<li>C\u00e1lido y resonante<\/li>\n<p><!-- \/wp:list-item --><!-- wp:list-item --><\/p>\n<li>Altamente receptivo al tacto<\/li>\n<p><!-- \/wp:list-item --><\/ul>\n<p><!-- \/wp:list --><!-- wp:heading {\"level\":3} --><\/p>\n<h3 class=\"wp-block-heading\">Cuello y trastes m\u00f3viles<\/h3>\n<p><!-- \/wp:heading --><!-- wp:paragraph --><\/p>\n<p>El largo cuello, generalmente hecho de <strong>madera de nuez<\/strong>, est\u00e1 equipado con <strong>trastes m\u00f3viles<\/strong> atados con nylon o tripa.<\/p>\n<p><!-- \/wp:paragraph --><!-- wp:paragraph --><\/p>\n<p>A diferencia de los trastes fijos occidentales, estos permiten:<\/p>\n<p><!-- \/wp:paragraph --><!-- wp:list --><\/p>\n<ul class=\"wp-block-list\"><!-- wp:list-item --><\/p>\n<li>Precisi\u00f3n microtonal<\/li>\n<p><!-- \/wp:list-item --><!-- wp:list-item --><\/p>\n<li>Sistemas de afinaci\u00f3n flexibles<\/li>\n<p><!-- \/wp:list-item --><!-- wp:list-item --><\/p>\n<li>Interpretaci\u00f3n aut\u00e9ntica de la m\u00fasica modal persa<\/li>\n<p><!-- \/wp:list-item --><\/ul>\n<p><!-- \/wp:list --><!-- wp:heading {\"level\":3} --><\/p>\n<h3 class=\"wp-block-heading\">Configuraci\u00f3n de Doce Cuerdas<\/h3>\n<p><!-- \/wp:heading --><!-- wp:paragraph --><\/p>\n<p>El Tar presenta <strong>seis cursos (pares) de cuerdas de acero<\/strong>, t\u00edpicamente afinadas en un\u00edsono u octavas.<\/p>\n<p><!-- \/wp:paragraph --><!-- wp:paragraph --><\/p>\n<p>Esta configuraci\u00f3n proporciona:<\/p>\n<p><!-- \/wp:paragraph --><!-- wp:list --><\/p>\n<ul class=\"wp-block-list\"><!-- wp:list-item --><\/p>\n<li>Profundidad arm\u00f3nica rica<\/li>\n<p><!-- \/wp:list-item --><!-- wp:list-item --><\/p>\n<li>Fuerte proyecci\u00f3n<\/li>\n<p><!-- \/wp:list-item --><!-- wp:list-item --><\/p>\n<li>La capacidad de combinar melod\u00eda y drone<\/li>\n<p><!-- \/wp:list-item --><\/ul>\n<p><!-- \/wp:list --><!-- wp:heading {\"level\":3} --><\/p>\n<h3 class=\"wp-block-heading\">El Dastaneh (Pua)<\/h3>\n<p><!-- \/wp:heading --><!-- wp:paragraph --><\/p>\n<p>Toque con una peque\u00f1a pua llamada <strong>dastaneh<\/strong>, el Tar ofrece un control notable sobre la articulaci\u00f3n y la din\u00e1mica.<\/p>\n<p><!-- \/wp:paragraph --><!-- wp:paragraph --><\/p>\n<p>Desde delicados tremolos hasta acentos poderosos, la t\u00e9cnica de la mano derecha es esencial para dar forma a la voz del instrumento.<\/p>\n<p><!-- \/wp:paragraph --><!-- wp:separator --><\/p>\n\n<p><!-- \/wp:separator --><!-- wp:heading --><\/p>\n<h2 class=\"wp-block-heading\">El Sonido \u00danico del Tar Persa<\/h2>\n<p><!-- \/wp:heading --><!-- wp:paragraph --><\/p>\n<p>El Tar persa es instant\u00e1neamente reconocible debido a su claridad tonal y rango expresivo.<\/p>\n<p><!-- \/wp:paragraph --><!-- wp:heading {\"level\":3} --><\/p>\n<h3 class=\"wp-block-heading\">Tono Brillante pero Emocional<\/h3>\n<p><!-- \/wp:heading --><!-- wp:paragraph --><\/p>\n<p>Su sonido combina:<\/p>\n<p><!-- \/wp:paragraph --><!-- wp:list --><\/p>\n<ul class=\"wp-block-list\"><!-- wp:list-item --><\/p>\n<li>La <strong>resonancia c\u00e1lida<\/strong> de la membrana de piel<\/li>\n<p><!-- \/wp:list-item --><!-- wp:list-item --><\/p>\n<li>El <strong>brillo<\/strong> de las cuerdas de acero<\/li>\n<p><!-- \/wp:list-item --><\/ul>\n<p><!-- \/wp:list --><!-- wp:paragraph --><\/p>\n<p>Este equilibrio lo hace adecuado tanto para actuaciones \u00edntimas en solitario como para conjuntos.<\/p>\n<p><!-- \/wp:paragraph --><!-- wp:heading {\"level\":3} --><\/p>\n<h3 class=\"wp-block-heading\">Expresi\u00f3n Microtonal<\/h3>\n<p><!-- \/wp:heading --><!-- wp:paragraph --><\/p>\n<p>Una caracter\u00edstica definitoria de la m\u00fasica persa es el uso de <strong>microtonos<\/strong>, intervalos m\u00e1s peque\u00f1os que un semitono.<\/p>\n<p><!-- \/wp:paragraph --><!-- wp:paragraph --><\/p>\n<p>Gracias a sus trastes m\u00f3viles, el Tar puede:<\/p>\n<p><!-- \/wp:paragraph --><!-- wp:list --><\/p>\n<ul class=\"wp-block-list\"><!-- wp:list-item --><\/p>\n<li>Representar con precisi\u00f3n los modos persas (<strong>dastgah<\/strong>)<\/li>\n<p><!-- \/wp:list-item --><!-- wp:list-item --><\/p>\n<li>Transmitir matices emocionales sutiles<\/li>\n<p><!-- \/wp:list-item --><!-- wp:list-item --><\/p>\n<li>Crear l\u00edneas mel\u00f3dicas profundamente expresivas<\/li>\n<p><!-- \/wp:list-item --><\/ul>\n<p><!-- \/wp:list --><!-- wp:heading {\"level\":3} --><\/p>\n<h3 class=\"wp-block-heading\">Versatilidad Din\u00e1mica<\/h3>\n<p><!-- \/wp:heading --><!-- wp:paragraph --><\/p>\n<p>A pesar de su apariencia delicada, el Tar tiene un amplio rango din\u00e1mico:<\/p>\n<p><!-- \/wp:paragraph --><!-- wp:list --><\/p>\n<ul class=\"wp-block-list\"><!-- wp:list-item --><\/p>\n<li>Pasajes suaves e introspectivos<\/li>\n<p><!-- \/wp:list-item --><!-- wp:list-item --><\/p>\n<li>Frases r\u00edtmicas y fuertes<\/li>\n<p><!-- \/wp:list-item --><!-- wp:list-item --><\/p>\n<li>R\u00e1pida ornamentaci\u00f3n e improvisaci\u00f3n<\/li>\n<p><!-- \/wp:list-item --><\/ul>\n<p><!-- \/wp:list --><!-- wp:separator --><\/p>\n\n<p><!-- \/wp:separator --><!-- wp:heading --><\/p>\n<h2 class=\"wp-block-heading\">Una Breve Historia del Tar Persa<\/h2>\n<p><!-- \/wp:heading --><!-- wp:paragraph --><\/p>\n<p>La evoluci\u00f3n del Tar refleja el desarrollo de la m\u00fasica cl\u00e1sica persa.<\/p>\n<p><!-- \/wp:paragraph --><!-- wp:heading {\"level\":3} --><\/p>\n<h3 class=\"wp-block-heading\">Or\u00edgenes Tempranos<\/h3>\n<p><!-- \/wp:heading --><!-- wp:paragraph --><\/p>\n<p>Aunque exist\u00edan instrumentos similares en la antigua Persia, el dise\u00f1o moderno del Tar probablemente tom\u00f3 forma durante el <strong>per\u00edodo Qajar (siglo XVIII\u2013XIX)<\/strong>.<\/p>\n<p><!-- \/wp:paragraph --><!-- wp:heading {\"level\":3} --><\/p>\n<h3 class=\"wp-block-heading\">La Edad de Oro<\/h3>\n<p><!-- \/wp:heading --><!-- wp:paragraph --><\/p>\n<p>Durante esta era, el Tar se convirti\u00f3 en un instrumento de corte y un elemento central de la cultura musical refinada.<\/p>\n<p><!-- \/wp:paragraph --><!-- wp:paragraph --><\/p>\n<p>Una de las figuras m\u00e1s influyentes fue Mirza Abdollah, quien sistematiz\u00f3 el <strong>radif<\/strong>, preserv\u00e1ndolo para las generaciones futuras.<\/p>\n<p><!-- \/wp:paragraph --><!-- wp:heading {\"level\":3} --><\/p>\n<h3 class=\"wp-block-heading\">Era Moderna<\/h3>\n<p><!-- \/wp:heading --><!-- wp:paragraph --><\/p>\n<p>Hoy, el Tar contin\u00faa evolucionando:<\/p>\n<p><!-- \/wp:paragraph --><!-- wp:list --><\/p>\n<ul class=\"wp-block-list\"><!-- wp:list-item --><\/p>\n<li>Presentado en actuaciones globales<\/li>\n<p><!-- \/wp:list-item --><!-- wp:list-item --><\/p>\n<li>Utilizado en m\u00fasica fusi\u00f3n y experimental<\/li>\n<p><!-- \/wp:list-item --><!-- wp:list-item --><\/p>\n<li>Ense\u00f1ado en conservatorios de todo el mundo<\/li>\n<p><!-- \/wp:list-item --><\/ul>\n<p><!-- \/wp:list --><!-- wp:paragraph --><\/p>\n<p>M\u00fasicos como Hossein Alizadeh han llevado el instrumento a audiencias internacionales.<\/p>\n<p><!-- \/wp:paragraph --><!-- wp:separator --><\/p>\n\n<p><!-- \/wp:separator --><!-- wp:heading --><\/p>\n<h2 class=\"wp-block-heading\">Aprendiendo a Tocar el Tar Persa<\/h2>\n<p><!-- \/wp:heading --><!-- wp:paragraph --><\/p>\n<p>Dominar el Tar requiere dedicaci\u00f3n, precisi\u00f3n y una profunda comprensi\u00f3n de la teor\u00eda musical persa.<\/p>\n<p><!-- \/wp:paragraph --><!-- wp:heading {\"level\":3} --><\/p>\n<h3 class=\"wp-block-heading\">T\u00e9cnica de la Mano Derecha<\/h3>\n<p><!-- \/wp:heading --><!-- wp:paragraph --><\/p>\n<p>Usando el dastaneh, los int\u00e9rpretes controlan:<\/p>\n<p><!-- \/wp:paragraph --><!-- wp:list --><\/p>\n<ul class=\"wp-block-list\"><!-- wp:list-item --><\/p>\n<li>Ritmo<\/li>\n<p><!-- \/wp:list-item --><!-- wp:list-item --><\/p>\n<li>Din\u00e1mica<\/li>\n<p><!-- \/wp:list-item --><!-- wp:list-item --><\/p>\n<li>Articulaci\u00f3n (tremolo, staccato, legato)<\/li>\n<p><!-- \/wp:list-item --><\/ul>\n<p><!-- \/wp:list --><!-- wp:heading {\"level\":3} --><\/p>\n<h3 class=\"wp-block-heading\">T\u00e9cnica de la Mano Izquierda<\/h3>\n<p><!-- \/wp:heading --><!-- wp:paragraph --><\/p>\n<p>La mano izquierda maneja:<\/p>\n<p><!-- \/wp:paragraph --><!-- wp:list --><\/p>\n<ul class=\"wp-block-list\"><!-- wp:list-item --><\/p>\n<li>Digitaci\u00f3n<\/li>\n<p><!-- \/wp:list-item --><!-- wp:list-item --><\/p>\n<li>Ajustes microtonales<\/li>\n<p><!-- \/wp:list-item --><!-- wp:list-item --><\/p>\n<li>T\u00e9cnicas de ornamentaci\u00f3n como deslizamientos y dobles<\/li>\n<p><!-- \/wp:list-item --><\/ul>\n<p><!-- \/wp:list --><!-- wp:heading {\"level\":3} --><\/p>\n<h3 class=\"wp-block-heading\">El Sistema Radif<\/h3>\n<p><!-- \/wp:heading --><!-- wp:paragraph --><\/p>\n<p>El <strong>radif<\/strong> es la base de la educaci\u00f3n musical persa:<\/p>\n<p><!-- \/wp:paragraph --><!-- wp:list --><\/p>\n<ul class=\"wp-block-list\"><!-- wp:list-item --><\/p>\n<li>Una colecci\u00f3n estructurada de melod\u00edas<\/li>\n<p><!-- \/wp:list-item --><!-- wp:list-item --><\/p>\n<li>Una gu\u00eda para la improvisaci\u00f3n<\/li>\n<p><!-- \/wp:list-item --><!-- wp:list-item --><\/p>\n<li>Esencial para una interpretaci\u00f3n aut\u00e9ntica<\/li>\n<p><!-- \/wp:list-item --><\/ul>\n<p><!-- \/wp:list --><!-- wp:paragraph --><\/p>\n<p>En Tapadum, animamos fuertemente a los estudiantes a abordar el Tar no solo como un instrumento, sino como un lenguaje musical completo.<\/p>\n<p><!-- \/wp:paragraph --><!-- wp:separator --><\/p>\n\n<p><!-- \/wp:separator --><!-- wp:heading --><\/p>\n<h2 class=\"wp-block-heading\">El Tar en la M\u00fasica Contempor\u00e1nea<\/h2>\n<p><!-- \/wp:heading --><!-- wp:paragraph --><\/p>\n<p>Aunque profundamente arraigado en la tradici\u00f3n, el Tar persa est\u00e1 lejos de ser est\u00e1tico.<\/p>\n<p><!-- \/wp:paragraph --><!-- wp:paragraph --><\/p>\n<p>Hoy en d\u00eda aparece en:<\/p>\n<p><!-- \/wp:paragraph --><!-- wp:list --><\/p>\n<ul class=\"wp-block-list\"><!-- wp:list-item --><\/p>\n<li>Colaboraciones de m\u00fasica del mundo<\/li>\n<p><!-- \/wp:list-item --><!-- wp:list-item --><\/p>\n<li>Bandas sonoras de pel\u00edculas<\/li>\n<p><!-- \/wp:list-item --><!-- wp:list-item --><\/p>\n<li>G\u00e9neros experimentales y de fusi\u00f3n<\/li>\n<p><!-- \/wp:list-item --><\/ul>\n<p><!-- \/wp:list --><!-- wp:paragraph --><\/p>\n<p>Su adaptabilidad lo convierte en un instrumento emocionante para m\u00fasicos modernos que buscan un sonido distintivo.<\/p>\n<p><!-- \/wp:paragraph --><!-- wp:separator --><\/p>\n\n<p><!-- \/wp:separator --><!-- wp:heading --><\/p>\n<h2 class=\"wp-block-heading\">Elegir un Tar Persa<\/h2>\n<p><!-- \/wp:heading --><!-- wp:paragraph --><\/p>\n<p>Si est\u00e1s considerando a\u00f1adir un Tar a tu colecci\u00f3n, aqu\u00ed hay factores clave a evaluar:<\/p>\n<p><!-- \/wp:paragraph --><!-- wp:heading {\"level\":3} --><\/p>\n<h3 class=\"wp-block-heading\">Materiales<\/h3>\n<p><!-- \/wp:heading --><!-- wp:list --><\/p>\n<ul class=\"wp-block-list\"><!-- wp:list-item --><\/p>\n<li>Cuerpo de morera para una resonancia aut\u00e9ntica<\/li>\n<p><!-- \/wp:list-item --><!-- wp:list-item --><\/p>\n<li>M\u00e1stil de nuez para estabilidad<\/li>\n<p><!-- \/wp:list-item --><\/ul>\n<p><!-- \/wp:list --><!-- wp:heading {\"level\":3} --><\/p>\n<h3 class=\"wp-block-heading\">Artesan\u00eda<\/h3>\n<p><!-- \/wp:heading --><!-- wp:list --><\/p>\n<ul class=\"wp-block-list\"><!-- wp:list-item --><\/p>\n<li>Acabado suave<\/li>\n<p><!-- \/wp:list-item --><!-- wp:list-item --><\/p>\n<li>Colocaci\u00f3n precisa de trastes<\/li>\n<p><!-- \/wp:list-item --><!-- wp:list-item --><\/p>\n<li>Construcci\u00f3n equilibrada<\/li>\n<p><!-- \/wp:list-item --><\/ul>\n<p><!-- \/wp:list --><!-- wp:heading {\"level\":3} --><\/p>\n<h3 class=\"wp-block-heading\">Calidad de Sonido<\/h3>\n<p><!-- \/wp:heading --><!-- wp:list --><\/p>\n<ul class=\"wp-block-list\"><!-- wp:list-item --><\/p>\n<li>Proyecci\u00f3n clara<\/li>\n<p><!-- \/wp:list-item --><!-- wp:list-item --><\/p>\n<li>Tono uniforme en todas las cuerdas<\/li>\n<p><!-- \/wp:list-item --><!-- wp:list-item --><\/p>\n<li>Buena sostenido<\/li>\n<p><!-- \/wp:list-item --><\/ul>\n<p><!-- \/wp:list --><!-- wp:paragraph --><\/p>\n<p>En <strong>Tapadum Ethnic Music Store<\/strong>, seleccionamos cuidadosamente Tars persas hechos a mano que cumplen con est\u00e1ndares profesionales mientras siguen siendo accesibles para los aprendices dedicados.<\/p>\n<p><!-- \/wp:paragraph --><!-- wp:separator --><\/p>\n\n<p><!-- \/wp:separator --><!-- wp:heading --><\/p>\n<h2 class=\"wp-block-heading\">Cuidado y Mantenimiento<\/h2>\n<p><!-- \/wp:heading --><!-- wp:paragraph --><\/p>\n<p>Para preservar su instrumento:<\/p>\n<p><!-- \/wp:paragraph --><!-- wp:list --><\/p>\n<ul class=\"wp-block-list\"><!-- wp:list-item --><\/p>\n<li>Mant\u00e9ngalo en humedad y temperatura estables<\/li>\n<p><!-- \/wp:list-item --><!-- wp:list-item --><\/p>\n<li>Limpiar suavemente con un pa\u00f1o suave<\/li>\n<p><!-- \/wp:list-item --><!-- wp:list-item --><\/p>\n<li>Cambiar las cuerdas regularmente<\/li>\n<p><!-- \/wp:list-item --><!-- wp:list-item --><\/p>\n<li>Evitar tocar la membrana de la piel en exceso<\/li>\n<p><!-- \/wp:list-item --><\/ul>\n<p><!-- \/wp:list --><!-- wp:paragraph --><\/p>\n<p>El cuidado adecuado asegura longevidad y calidad de sonido consistente.<\/p>\n<p><!-- \/wp:paragraph --><!-- wp:separator --><\/p>\n\n<p><!-- \/wp:separator --><!-- wp:heading --><\/p>\n<h2 class=\"wp-block-heading\">La Importancia Cultural del Tar<\/h2>\n<p><!-- \/wp:heading --><!-- wp:paragraph --><\/p>\n<p>El Tar Persa es m\u00e1s que una herramienta musical\u2014es un s\u00edmbolo cultural.<\/p>\n<p><!-- \/wp:paragraph --><!-- wp:paragraph --><\/p>\n<p>Representa:<\/p>\n<p><!-- \/wp:paragraph --><!-- wp:list --><\/p>\n<ul class=\"wp-block-list\"><!-- wp:list-item --><\/p>\n<li>Identidad art\u00edstica persa<\/li>\n<p><!-- \/wp:list-item --><!-- wp:list-item --><\/p>\n<li>Una tradici\u00f3n musical de siglos de antig\u00fcedad<\/li>\n<p><!-- \/wp:list-item --><!-- wp:list-item --><\/p>\n<li>La conexi\u00f3n entre poes\u00eda, m\u00fasica y emoci\u00f3n<\/li>\n<p><!-- \/wp:list-item --><\/ul>\n<p><!-- \/wp:list --><!-- wp:paragraph --><\/p>\n<p>Su sonido evoca profundidad, nostalgia y refinamiento\u2014cualidades que definen la est\u00e9tica cl\u00e1sica persa.<\/p>\n<p><!-- \/wp:paragraph --><!-- wp:separator --><\/p>\n\n<p><!-- \/wp:separator --><!-- wp:heading --><\/p>\n<h2 class=\"wp-block-heading\">Por Qu\u00e9 el Tar Persa Sigue Siendo Importante Hoy en D\u00eda<\/h2>\n<p><!-- \/wp:heading --><!-- wp:paragraph --><\/p>\n<p>En un mundo musical que se globaliza r\u00e1pidamente, el Tar Persa sigue siendo:<\/p>\n<p><!-- \/wp:paragraph --><!-- wp:list --><\/p>\n<ul class=\"wp-block-list\"><!-- wp:list-item --><\/p>\n<li>Aut\u00e9ntico<\/li>\n<p><!-- \/wp:list-item --><!-- wp:list-item --><\/p>\n<li>Expresivo<\/li>\n<p><!-- \/wp:list-item --><!-- wp:list-item --><\/p>\n<li>Atemporal<\/li>\n<p><!-- \/wp:list-item --><\/ul>\n<p><!-- \/wp:list --><!-- wp:paragraph --><\/p>\n<p>Su capacidad de adaptarse mientras preserva la tradici\u00f3n lo convierte en uno de los instrumentos m\u00e1s valiosos tanto para la apreciaci\u00f3n hist\u00f3rica como para la creatividad moderna.<\/p>\n<p><!-- \/wp:paragraph --><!-- wp:separator --><\/p>\n\n<p><!-- \/wp:separator --><!-- wp:heading --><\/p>\n<h2 class=\"wp-block-heading\">Descubre el Tar Persa en Tapadum<\/h2>\n<p><!-- \/wp:heading --><!-- wp:paragraph --><\/p>\n<p>En <strong>Tapadum Ethnic Music Store<\/strong>, estamos orgullosos de ofrecer una selecci\u00f3n cuidadosamente elegida de Tars Persas elaborados por h\u00e1biles lutieres.<\/p>\n<p><!-- \/wp:paragraph --><!-- wp:paragraph --><\/p>\n<p>Ya sea que est\u00e9s:<\/p>\n<p><!-- \/wp:paragraph --><!-- wp:list --><\/p>\n<ul class=\"wp-block-list\"><!-- wp:list-item --><\/p>\n<li>Un principiante explorando nuevos sonidos<\/li>\n<p><!-- \/wp:list-item --><!-- wp:list-item --><\/p>\n<li>Un m\u00fasico profesional<\/li>\n<p><!-- \/wp:list-item --><!-- wp:list-item --><\/p>\n<li>Un coleccionista de instrumentos finos<\/li>\n<p><!-- \/wp:list-item --><\/ul>\n<p><!-- \/wp:list --><!-- wp:paragraph --><\/p>\n<p>El Tar Persa ofrece un viaje musical profundamente gratificante.<\/p>\n<p><!-- \/wp:paragraph --><!-- wp:separator --><\/p>\n\n<p><!-- \/wp:separator --><!-- wp:heading --><\/p>\n<h2 class=\"wp-block-heading\">FAQ \u2013 Tar Persa<\/h2>\n<p><!-- \/wp:heading --><!-- wp:paragraph --><\/p>\n<p><strong>\u00bfCu\u00e1ntas cuerdas tiene un <a href=\"https:\/\/en.wikipedia.org\/wiki\/Tar_(string_instrument)\" target=\"_blank\" rel=\"noopener\">Tar Persa<\/a>?<\/strong><br \/>T\u00edpicamente tiene 12 cuerdas dispuestas en 6 pares.<\/p>\n<p><!-- \/wp:paragraph --><!-- wp:paragraph --><\/p>\n<p><strong>\u00bfEs dif\u00edcil de aprender?<\/strong><br \/>Requiere dedicaci\u00f3n, especialmente debido a las t\u00e9cnicas microtonales, pero con la gu\u00eda adecuada, es muy gratificante.<\/p>\n<p><!-- \/wp:paragraph --><!-- wp:paragraph --><\/p>\n<p><strong>\u00bfPara qu\u00e9 m\u00fasica se utiliza?<\/strong><br \/>Principalmente para la m\u00fasica cl\u00e1sica persa, pero tambi\u00e9n para g\u00e9neros de fusi\u00f3n y contempor\u00e1neos.<\/p>\n<p><!-- \/wp:paragraph --><!-- wp:paragraph --><\/p>\n<p><strong>\u00bfQu\u00e9 lo hace \u00fanico?<\/strong><br \/>Su cuerpo de doble cuenco, membrana de piel y capacidades microtonales crean un sonido verdaderamente distintivo.<\/p>\n<p><!-- \/wp:paragraph --><!-- wp:paragraph --><\/p>\n<\/p>\n<p><!-- \/wp:paragraph --><\/p>\n\t\t\t\t<\/div>\n\t\t\t<\/div><\/div>\t\t\t\t<\/div>\n\t\t\t\t\t<\/div>\n\t\t<\/div>\n\t\t\t\t\t<\/div>\n\t\t<\/section>\n\t\t<div class=\"elementor-element elementor-element-4cf43372 e-flex e-con-boxed e-con e-parent\" data-id=\"4cf43372\" data-element_type=\"container\" data-e-type=\"container\">\n\t\t\t\t\t<div class=\"e-con-inner\">\n\t\t<div class=\"elementor-element elementor-element-128349ec e-con-full e-flex e-con e-child\" data-id=\"128349ec\" data-element_type=\"container\" data-e-type=\"container\">\n\t\t\t\t<\/div>\n\t\t<div class=\"elementor-element elementor-element-2abd1059 e-con-full e-flex e-con e-child\" data-id=\"2abd1059\" data-element_type=\"container\" data-e-type=\"container\">\n\t\t\t\t<div class=\"elementor-element elementor-element-724604d5 elementor-grid-2 elementor-grid-tablet-3 elementor-grid-mobile-2 elementor-products-grid elementor-wc-products elementor-widget elementor-widget-woocommerce-products\" data-id=\"724604d5\" data-element_type=\"widget\" data-e-type=\"widget\" data-settings=\"{&quot;ekit_we_effect_on&quot;:&quot;none&quot;}\" data-widget_type=\"woocommerce-products.default\">\n\t\t\t\t<div class=\"elementor-widget-container\">\n\t\t\t\t\t<div class=\"woocommerce columns-2 \"><ul class=\"products elementor-grid columns-2\">\n<li class=\"product type-product post-31506 status-publish first instock product_cat-instrumentos-de-cuerda product_cat-instrumentos-persas product_cat-tar-es has-post-thumbnail sale shipping-taxable purchasable product-type-simple\">\n\t<a href=\"https:\/\/tapadum.com\/es\/producto\/tar-irani-profesional-por-amin-golestani\/\" class=\"woocommerce-LoopProduct-link woocommerce-loop-product__link\">\n\t<span class=\"onsale\">\u00a1Oferta!<\/span>\n\t<img fetchpriority=\"high\" decoding=\"async\" width=\"300\" height=\"300\" src=\"https:\/\/i0.wp.com\/tapadum.com\/wp-content\/uploads\/2026\/03\/10.jpg?resize=300%2C300&amp;ssl=1\" class=\"attachment-woocommerce_thumbnail size-woocommerce_thumbnail\" alt=\"Tar Persa - Iran \" srcset=\"https:\/\/i0.wp.com\/tapadum.com\/wp-content\/uploads\/2026\/03\/10.jpg?w=1080&amp;ssl=1 1080w, https:\/\/i0.wp.com\/tapadum.com\/wp-content\/uploads\/2026\/03\/10.jpg?resize=300%2C300&amp;ssl=1 300w, https:\/\/i0.wp.com\/tapadum.com\/wp-content\/uploads\/2026\/03\/10.jpg?resize=1024%2C1024&amp;ssl=1 1024w, https:\/\/i0.wp.com\/tapadum.com\/wp-content\/uploads\/2026\/03\/10.jpg?resize=150%2C150&amp;ssl=1 150w, https:\/\/i0.wp.com\/tapadum.com\/wp-content\/uploads\/2026\/03\/10.jpg?resize=768%2C768&amp;ssl=1 768w, https:\/\/i0.wp.com\/tapadum.com\/wp-content\/uploads\/2026\/03\/10.jpg?resize=600%2C600&amp;ssl=1 600w, https:\/\/i0.wp.com\/tapadum.com\/wp-content\/uploads\/2026\/03\/10.jpg?resize=100%2C100&amp;ssl=1 100w\" sizes=\"(max-width: 300px) 100vw, 300px\" \/><h2 class=\"woocommerce-loop-product__title\">Tar Iran\u00ed Profesional por Amin Golestani<\/h2>\n\t<span class=\"price\"><del aria-hidden=\"true\"><span class=\"woocommerce-Price-amount amount\"><bdi><span class=\"woocommerce-Price-currencySymbol\">&euro;<\/span>2.199,15<\/bdi><\/span><\/del> <span class=\"screen-reader-text\">El precio original era: &euro;2.199,15.<\/span><ins aria-hidden=\"true\"><span class=\"woocommerce-Price-amount amount\"><bdi><span class=\"woocommerce-Price-currencySymbol\">&euro;<\/span>1.750,21<\/bdi><\/span><\/ins><span class=\"screen-reader-text\">El precio actual es: &euro;1.750,21.<\/span><\/span>\n<\/a><a href=\"\/es\/wp-json\/wp\/v2\/posts\/32746?add-to-cart=31506\" aria-describedby=\"woocommerce_loop_add_to_cart_link_describedby_31506\" data-quantity=\"1\" class=\"button product_type_simple add_to_cart_button ajax_add_to_cart\" data-product_id=\"31506\" data-product_sku=\"Tar1\" aria-label=\"A\u00f1adir al carrito: &ldquo;Tar Iran\u00ed Profesional por Amin Golestani&rdquo;\" rel=\"nofollow\" data-success_message=\"\u00abTar Iran\u00ed Profesional por Amin Golestani\u00bb se ha a\u00f1adido a tu carrito\" role=\"button\">A\u00f1adir al carrito<\/a>\t<span id=\"woocommerce_loop_add_to_cart_link_describedby_31506\" class=\"screen-reader-text\">\n\t\t\t<\/span>\n<\/li>\n<\/ul>\n<\/div>\t\t\t\t<\/div>\n\t\t\t\t<\/div>\n\t\t\t\t<\/div>\n\t\t<div class=\"elementor-element elementor-element-1ff05d6a e-con-full e-flex e-con e-child\" data-id=\"1ff05d6a\" data-element_type=\"container\" data-e-type=\"container\">\n\t\t\t\t<\/div>\n\t\t\t\t\t<\/div>\n\t\t\t\t<\/div>\n\t\t\t\t<\/div>\n\t\t","protected":false},"excerpt":{"rendered":"<p>En Tapadum Ethnic Music Store, creemos que cada instrumento lleva una historia\u2014una moldeada por siglos de artesan\u00eda, cultura y sonido. Entre los m\u00e1s cautivadores de estos se encuentra el Tar&#8230;<\/p>\n","protected":false},"author":1,"featured_media":31427,"comment_status":"closed","ping_status":"closed","sticky":false,"template":"","format":"standard","meta":{"googlesitekit_rrm_CAow0IDLDA:productID":"","_eb_attr":"","_jetpack_memberships_contains_paid_content":false,"footnotes":""},"categories":[601,205,446,139],"tags":[],"class_list":{"0":"post-32746","1":"post","2":"type-post","3":"status-publish","4":"format-standard","5":"has-post-thumbnail","6":"hentry","7":"category-cuidado-y-consejos-para-instrumentos","8":"category-instruments","10":"category-uncategorized-en"},"jetpack_featured_media_url":"https:\/\/i0.wp.com\/tapadum.com\/wp-content\/uploads\/2026\/03\/5-1.jpg?fit=1080%2C1080&ssl=1","jetpack_sharing_enabled":true,"_links":{"self":[{"href":"https:\/\/tapadum.com\/es\/wp-json\/wp\/v2\/posts\/32746","targetHints":{"allow":["GET"]}}],"collection":[{"href":"https:\/\/tapadum.com\/es\/wp-json\/wp\/v2\/posts"}],"about":[{"href":"https:\/\/tapadum.com\/es\/wp-json\/wp\/v2\/types\/post"}],"author":[{"embeddable":true,"href":"https:\/\/tapadum.com\/es\/wp-json\/wp\/v2\/users\/1"}],"replies":[{"embeddable":true,"href":"https:\/\/tapadum.com\/es\/wp-json\/wp\/v2\/comments?post=32746"}],"version-history":[{"count":4,"href":"https:\/\/tapadum.com\/es\/wp-json\/wp\/v2\/posts\/32746\/revisions"}],"predecessor-version":[{"id":33403,"href":"https:\/\/tapadum.com\/es\/wp-json\/wp\/v2\/posts\/32746\/revisions\/33403"}],"wp:featuredmedia":[{"embeddable":true,"href":"https:\/\/tapadum.com\/es\/wp-json\/wp\/v2\/media\/31427"}],"wp:attachment":[{"href":"https:\/\/tapadum.com\/es\/wp-json\/wp\/v2\/media?parent=32746"}],"wp:term":[{"taxonomy":"category","embeddable":true,"href":"https:\/\/tapadum.com\/es\/wp-json\/wp\/v2\/categories?post=32746"},{"taxonomy":"post_tag","embeddable":true,"href":"https:\/\/tapadum.com\/es\/wp-json\/wp\/v2\/tags?post=32746"}],"curies":[{"name":"wp","href":"https:\/\/api.w.org\/{rel}","templated":true}]}}