{"id":32926,"date":"2025-06-17T17:10:23","date_gmt":"2025-06-17T15:10:23","guid":{"rendered":"https:\/\/tapadum.com\/tapadum-concert-announcement-incantesimi-marta-celli-ozgur-yalcin-live-es\/"},"modified":"2026-04-25T23:35:23","modified_gmt":"2026-04-25T21:35:23","slug":"anuncio-de-concierto-incantesimi-marta-celli-ozgur-yalcin-en-vivo","status":"publish","type":"post","link":"https:\/\/tapadum.com\/es\/anuncio-de-concierto-incantesimi-marta-celli-ozgur-yalcin-en-vivo\/","title":{"rendered":"Anuncio de Concierto: \u00abIncantesimi\u00bb \u2013 Marta Celli &amp; \u00d6zg\u00fcr Yal\u00e7\u0131n en Vivo"},"content":{"rendered":"\t\t<div data-elementor-type=\"wp-post\" data-elementor-id=\"32926\" class=\"elementor elementor-32926 elementor-25839\" data-elementor-post-type=\"post\">\n\t\t\t\t\t\t<section class=\"elementor-section elementor-top-section elementor-element elementor-element-6860020a elementor-section-boxed elementor-section-height-default elementor-section-height-default\" data-id=\"6860020a\" data-element_type=\"section\" data-e-type=\"section\">\n\t\t\t\t\t\t\t<div class=\"elementor-background-overlay\"><\/div>\n\t\t\t\t\t\t\t<div class=\"elementor-container elementor-column-gap-default\">\n\t\t\t\t\t<div class=\"elementor-column elementor-col-100 elementor-top-column elementor-element elementor-element-4323b854\" data-id=\"4323b854\" data-element_type=\"column\" data-e-type=\"column\">\n\t\t\t<div class=\"elementor-widget-wrap elementor-element-populated\">\n\t\t\t\t\t\t<section class=\"elementor-section elementor-inner-section elementor-element elementor-element-55724460 elementor-section-boxed elementor-section-height-default elementor-section-height-default\" data-id=\"55724460\" data-element_type=\"section\" data-e-type=\"section\">\n\t\t\t\t\t\t<div class=\"elementor-container elementor-column-gap-default\">\n\t\t\t\t\t<div class=\"elementor-column elementor-col-100 elementor-inner-column elementor-element elementor-element-2be023d1 elementor-invisible\" data-id=\"2be023d1\" data-element_type=\"column\" data-e-type=\"column\" data-settings=\"{&quot;animation&quot;:&quot;fadeIn&quot;}\">\n\t\t\t<div class=\"elementor-widget-wrap\">\n\t\t\t\t\t\t\t<\/div>\n\t\t<\/div>\n\t\t\t\t\t<\/div>\n\t\t<\/section>\n\t\t\t\t\t<\/div>\n\t\t<\/div>\n\t\t\t\t\t<\/div>\n\t\t<\/section>\n\t\t\t\t<section class=\"elementor-section elementor-top-section elementor-element elementor-element-d25cf57 elementor-section-boxed elementor-section-height-default elementor-section-height-default\" data-id=\"d25cf57\" data-element_type=\"section\" data-e-type=\"section\">\n\t\t\t\t\t\t<div class=\"elementor-container elementor-column-gap-default\">\n\t\t\t\t\t<div class=\"elementor-column elementor-col-100 elementor-top-column elementor-element elementor-element-15add174\" data-id=\"15add174\" data-element_type=\"column\" data-e-type=\"column\">\n\t\t\t<div class=\"elementor-widget-wrap elementor-element-populated\">\n\t\t\t\t\t\t<div class=\"elementor-element elementor-element-606a55de elementor-widget elementor-widget-elementskit-heading\" data-id=\"606a55de\" data-element_type=\"widget\" data-e-type=\"widget\" data-settings=\"{&quot;ekit_we_effect_on&quot;:&quot;none&quot;}\" data-widget_type=\"elementskit-heading.default\">\n\t\t\t\t\t<div class=\"ekit-wid-con\" ><div class=\"ekit-heading elementskit-section-title-wraper text_left   ekit_heading_tablet-   ekit_heading_mobile-\"><h2 class=\"ekit-heading--title elementskit-section-title \">Concert Announcement: \"Incantesimi\" \u2013 Marta Celli &amp; \u00d6zg\u00fcr Yal\u00e7\u0131n Live<\/h2>\t\t\t\t<div class='ekit-heading__description'>\n\t\t\t\t\t<div class=\"flex max-w-full flex-col grow\">\n<div class=\"min-h-8 text-message relative flex w-full flex-col items-end gap-2 text-start break-words whitespace-normal [.text-message+&amp;]:mt-5\">\n<div class=\"flex w-full flex-col gap-1 empty:hidden first:pt-[3px]\">\n<div class=\"markdown prose dark:prose-invert w-full break-words dark\">\n<p>We are delighted to announce a special concert hosted by <strong>Tapadum Ethnic Music Store<\/strong>, featuring our founder, the renowned musician <strong>\u00d6zg\u00fcr Yal\u00e7\u0131n<\/strong>, alongside the talented harpist <strong>Marta Celli<\/strong>.<\/p>\n<p>\ud83c\udfb5 <strong>\u201cIncantesimi\u201d<\/strong><br \/><strong>Celtic Harp &amp; Iranian Santur<\/strong><br \/>A musical journey between the Celtic lands and Anatolia<\/p>\n<p>\"Incantesimi\" (\"Enchantments\") is more than a concert\u2014it\u2019s the continuation of a collaboration that began nine years ago. This unique project brings together the delicate sound of the <strong>Celtic harp<\/strong> and the shimmering tones of the <strong>Iranian santur<\/strong>, weaving a tapestry of melodies rooted in ancient traditions and personal artistic journeys.<\/p>\n<p><strong>\u00d6zg\u00fcr Yal\u00e7\u0131n<\/strong>, originally from Istanbul, is a composer, singer, guitarist, and the founder of the legendary group <strong>Karag\u00fcne\u015f<\/strong>, active since 1997. A passionate ethnomusicologist, he has collected and arranged ancient folk songs from remote Anatolian and Kurdish villages, preserving musical heritage in <strong>Zazaki<\/strong>, <strong>Kurdish<\/strong>, <strong>Turkish<\/strong>, and <strong>Laz<\/strong> languages. With six albums to his name (one released by the iconic <strong>Kalan Music<\/strong> label), \u00d6zg\u00fcr has also composed film soundtracks and performed in prestigious festivals across Turkey and Europe.<\/p>\n<p><strong>Marta Celli<\/strong>, born in Forl\u00ec, Italy, is both a musician and painter. In 2009, she co-founded the folk duo <strong>Alarc\u2019h<\/strong>, performing in major Celtic and folk festivals across Europe. As a solo artist and collaborator, she has released five albums, blending Celtic roots with poetic sensitivity and innovative storytelling.<\/p>\n<p>\"Incantesimi\" takes audiences on a cross-cultural journey, from the <strong>mystical landscapes of Scotland, Ireland, Britain, and Galicia<\/strong>, to the <strong>mountains and plains of Anatolia<\/strong>, featuring ancient Kurdish and Turkish ballads alongside original compositions by \u00d6zg\u00fcr Yal\u00e7\u0131n.<\/p>\n<p>\u2728 A concert not to be missed\u2014where East meets West through the universal language of music.<\/p>\n<p>\ud83d\udccd <strong>Venue<\/strong>: Villa Vezzano<br \/>\ud83d\udcc5 <strong>Date &amp; Time<\/strong>: 23.06.2025 - 21:00<br \/>\ud83c\udf9f\ufe0f<strong>\u00a0Info<\/strong>:+393479746257<\/p>\n<p>Stay tuned and join us for a night of enchantment and musical storytelling.<\/p>\n\n<p>Let me know if you'd like a version tailored for Instagram, a poster, or a translation into Italian or Turkish.<\/p>\n<\/div>\n<\/div>\n<\/div>\n<\/div>\n<div class=\"mt-3 w-full empty:hidden\">\n<div class=\"text-center\">\n<div>\n<div class=\"inline-flex border border-gray-100 dark:border-gray-700 rounded-xl\">\n<div class=\"text-token-text-secondary flex items-center justify-center gap-4 px-4 py-2.5 text-sm whitespace-nowrap\">\u00a0<\/div>\n<\/div>\n<\/div>\n<\/div>\n<\/div>\n\t\t\t\t<\/div>\n\t\t\t<\/div><\/div>\t\t\t\t<\/div>\n\t\t\t\t\t<\/div>\n\t\t<\/div>\n\t\t\t\t\t<\/div>\n\t\t<\/section>\n\t\t<div class=\"elementor-element elementor-element-5ab82260 e-flex e-con-boxed e-con e-parent\" data-id=\"5ab82260\" data-element_type=\"container\" data-e-type=\"container\">\n\t\t\t\t\t<div class=\"e-con-inner\">\n\t\t<div class=\"elementor-element elementor-element-13b699c5 e-con-full e-flex e-con e-child\" data-id=\"13b699c5\" data-element_type=\"container\" data-e-type=\"container\">\n\t\t\t\t<\/div>\n\t\t<div class=\"elementor-element elementor-element-6333a347 e-con-full e-flex e-con e-child\" data-id=\"6333a347\" data-element_type=\"container\" data-e-type=\"container\">\n\t\t\t\t<\/div>\n\t\t\t\t\t<\/div>\n\t\t\t\t<\/div>\n\t\t\t\t<\/div>\n\t\t","protected":false},"excerpt":{"rendered":"<p>Estamos encantados de anunciar un concierto especial organizado por Tapadum Ethnic Music Store, con la participaci\u00f3n de nuestro fundador, el renombrado m\u00fasico \u00d6zg\u00fcr Yal\u00e7\u0131n, junto a la talentosa arpista Marta&#8230;<\/p>\n","protected":false},"author":1,"featured_media":25840,"comment_status":"closed","ping_status":"closed","sticky":false,"template":"","format":"standard","meta":{"googlesitekit_rrm_CAow0IDLDA:productID":"","_eb_attr":"","_jetpack_memberships_contains_paid_content":false,"footnotes":""},"categories":[603,342],"tags":[],"class_list":["post-32926","post","type-post","status-publish","format-standard","has-post-thumbnail","hentry","category-eventos-tapadum","category-sin-categorizar"],"jetpack_featured_media_url":"https:\/\/i0.wp.com\/tapadum.com\/wp-content\/uploads\/2025\/06\/marta-ozy.jpg?fit=1920%2C1080&ssl=1","jetpack_sharing_enabled":true,"_links":{"self":[{"href":"https:\/\/tapadum.com\/es\/wp-json\/wp\/v2\/posts\/32926","targetHints":{"allow":["GET"]}}],"collection":[{"href":"https:\/\/tapadum.com\/es\/wp-json\/wp\/v2\/posts"}],"about":[{"href":"https:\/\/tapadum.com\/es\/wp-json\/wp\/v2\/types\/post"}],"author":[{"embeddable":true,"href":"https:\/\/tapadum.com\/es\/wp-json\/wp\/v2\/users\/1"}],"replies":[{"embeddable":true,"href":"https:\/\/tapadum.com\/es\/wp-json\/wp\/v2\/comments?post=32926"}],"version-history":[{"count":4,"href":"https:\/\/tapadum.com\/es\/wp-json\/wp\/v2\/posts\/32926\/revisions"}],"predecessor-version":[{"id":34487,"href":"https:\/\/tapadum.com\/es\/wp-json\/wp\/v2\/posts\/32926\/revisions\/34487"}],"wp:featuredmedia":[{"embeddable":true,"href":"https:\/\/tapadum.com\/es\/wp-json\/wp\/v2\/media\/25840"}],"wp:attachment":[{"href":"https:\/\/tapadum.com\/es\/wp-json\/wp\/v2\/media?parent=32926"}],"wp:term":[{"taxonomy":"category","embeddable":true,"href":"https:\/\/tapadum.com\/es\/wp-json\/wp\/v2\/categories?post=32926"},{"taxonomy":"post_tag","embeddable":true,"href":"https:\/\/tapadum.com\/es\/wp-json\/wp\/v2\/tags?post=32926"}],"curies":[{"name":"wp","href":"https:\/\/api.w.org\/{rel}","templated":true}]}}